{"id":2842,"date":"2020-03-15T11:00:00","date_gmt":"2020-03-15T10:00:00","guid":{"rendered":"http:\/\/www.savigny.ca\/?p=2842"},"modified":"2022-02-01T03:37:38","modified_gmt":"2022-02-01T02:37:38","slug":"1ere-semaine-covid-19","status":"publish","type":"post","link":"https:\/\/www.savigny.ca\/?p=2842","title":{"rendered":"1ere semaine covid-19"},"content":{"rendered":"\n<p>J&rsquo;\u00e9cris un peu en retard mais le but est d&rsquo;essayer de faire un r\u00e9sum\u00e9 de la 1ere semaine sous le covid-19.<\/p>\n\n\n\n<p>Depuis le 16 mars 2020, il a \u00e9t\u00e9 d\u00e9cid\u00e9 \u00e0 ma job que tous les collaborateurs restaient \u00e0 la maison en t\u00e9l\u00e9travail. Il faut savoir que les \u00e9coles et garderie sont ferm\u00e9s \u00e0 partir du 16 mars 2020.<\/p>\n\n\n\n<p>Ma blonde ne se sentait pas bien donc elle a pris Off la semaine pour se lib\u00e9rer d&rsquo;une petite grippe. La semaine a \u00e9t\u00e9 mouvement\u00e9 dans la gestion entre ma blonde pas en forme, les enfants et la job \ud83d\ude42<\/p>\n\n\n\n<p>Accessoirement, on essaie de sortir avec les filles apr\u00e8s la sieste pour les fatiguer et faire profiter de l&rsquo;air frais \ud83d\ude42<\/p>\n\n\n\n<p>Une premi\u00e8re semaine pour s&rsquo;adapter et mettre en place des routines.<\/p>\n\n\n\n<p>Le gouvernement a annonc\u00e9 des mesures pour am\u00e9liorer la situation. Fermeture des \u00e9coles, bar et fr\u00e9quentation des restaurant limit\u00e9 \u00e0 50% de clients.<\/p>\n\n\n\n<p>Dimanche, ils ont annonc\u00e9 la fermeture des parc.<\/p>\n\n\n\n<p>On s&rsquo;adapte pas trop mal mais c&rsquo;est sur que c&rsquo;est une nouvelle m\u00e9thode de travail.<\/p>\n","protected":false},"excerpt":{"rendered":"<p>J&rsquo;\u00e9cris un peu en retard mais le but est d&rsquo;essayer de faire un r\u00e9sum\u00e9 de la 1ere semaine sous le covid-19. Depuis le 16 mars 2020, il a \u00e9t\u00e9 d\u00e9cid\u00e9 \u00e0 ma job que tous les collaborateurs restaient \u00e0 la maison en t\u00e9l\u00e9travail. Il faut savoir que les \u00e9coles et garderie sont ferm\u00e9s \u00e0 partir [&hellip;]<\/p>\n","protected":false},"author":1,"featured_media":0,"comment_status":"closed","ping_status":"closed","sticky":false,"template":"","format":"standard","meta":{"footnotes":""},"categories":[3,33],"tags":[],"class_list":["post-2842","post","type-post","status-publish","format-standard","hentry","category-blog","category-covid-19"],"_links":{"self":[{"href":"https:\/\/www.savigny.ca\/index.php?rest_route=\/wp\/v2\/posts\/2842"}],"collection":[{"href":"https:\/\/www.savigny.ca\/index.php?rest_route=\/wp\/v2\/posts"}],"about":[{"href":"https:\/\/www.savigny.ca\/index.php?rest_route=\/wp\/v2\/types\/post"}],"author":[{"embeddable":true,"href":"https:\/\/www.savigny.ca\/index.php?rest_route=\/wp\/v2\/users\/1"}],"replies":[{"embeddable":true,"href":"https:\/\/www.savigny.ca\/index.php?rest_route=%2Fwp%2Fv2%2Fcomments&post=2842"}],"version-history":[{"count":2,"href":"https:\/\/www.savigny.ca\/index.php?rest_route=\/wp\/v2\/posts\/2842\/revisions"}],"predecessor-version":[{"id":2844,"href":"https:\/\/www.savigny.ca\/index.php?rest_route=\/wp\/v2\/posts\/2842\/revisions\/2844"}],"wp:attachment":[{"href":"https:\/\/www.savigny.ca\/index.php?rest_route=%2Fwp%2Fv2%2Fmedia&parent=2842"}],"wp:term":[{"taxonomy":"category","embeddable":true,"href":"https:\/\/www.savigny.ca\/index.php?rest_route=%2Fwp%2Fv2%2Fcategories&post=2842"},{"taxonomy":"post_tag","embeddable":true,"href":"https:\/\/www.savigny.ca\/index.php?rest_route=%2Fwp%2Fv2%2Ftags&post=2842"}],"curies":[{"name":"wp","href":"https:\/\/api.w.org\/{rel}","templated":true}]}}