{"id":2866,"date":"2020-04-13T04:36:34","date_gmt":"2020-04-13T02:36:34","guid":{"rendered":"http:\/\/www.savigny.ca\/?p=2866"},"modified":"2020-05-25T02:50:53","modified_gmt":"2020-05-25T00:50:53","slug":"un-dimanche-de-confinement","status":"publish","type":"post","link":"https:\/\/www.savigny.ca\/?p=2866","title":{"rendered":"Un dimanche de confinement (12 avril 2020)"},"content":{"rendered":"\n<p>Depuis que le gouvernement a demand\u00e9 \u00e0 tous les commerces de fermer les dimanches et bien c&rsquo;est plut\u00f4t calme par chez nous.<\/p>\n\n\n\n<p>J&rsquo;ai profit\u00e9 de notre sortie avec les filles pour prendre une photo du boulevard Sherbrooke qui en tant normal est loin d&rsquo;\u00eatre vide \ud83d\ude42<\/p>\n\n\n\n<figure class=\"wp-block-image size-large\"><img loading=\"lazy\" decoding=\"async\" width=\"2560\" height=\"2560\" src=\"http:\/\/www.savigny.ca\/wp-content\/uploads\/2020\/04\/img_20200412_220805_6712392431856619572990-scaled.jpg\" alt=\"\" class=\"wp-image-2865\" srcset=\"https:\/\/www.savigny.ca\/wp-content\/uploads\/2020\/04\/img_20200412_220805_6712392431856619572990-scaled.jpg 2560w, https:\/\/www.savigny.ca\/wp-content\/uploads\/2020\/04\/img_20200412_220805_6712392431856619572990-300x300.jpg 300w, https:\/\/www.savigny.ca\/wp-content\/uploads\/2020\/04\/img_20200412_220805_6712392431856619572990-1024x1024.jpg 1024w, https:\/\/www.savigny.ca\/wp-content\/uploads\/2020\/04\/img_20200412_220805_6712392431856619572990-150x150.jpg 150w, https:\/\/www.savigny.ca\/wp-content\/uploads\/2020\/04\/img_20200412_220805_6712392431856619572990-768x768.jpg 768w, https:\/\/www.savigny.ca\/wp-content\/uploads\/2020\/04\/img_20200412_220805_6712392431856619572990-1536x1536.jpg 1536w, https:\/\/www.savigny.ca\/wp-content\/uploads\/2020\/04\/img_20200412_220805_6712392431856619572990-2048x2048.jpg 2048w\" sizes=\"(max-width: 2560px) 100vw, 2560px\" \/><\/figure>\n","protected":false},"excerpt":{"rendered":"<p>Depuis que le gouvernement a demand\u00e9 \u00e0 tous les commerces de fermer les dimanches et bien c&rsquo;est plut\u00f4t calme par chez nous. J&rsquo;ai profit\u00e9 de notre sortie avec les filles pour prendre une photo du boulevard Sherbrooke qui en tant normal est loin d&rsquo;\u00eatre vide \ud83d\ude42<\/p>\n","protected":false},"author":1,"featured_media":0,"comment_status":"closed","ping_status":"closed","sticky":false,"template":"","format":"standard","meta":{"footnotes":""},"categories":[3,33],"tags":[],"class_list":["post-2866","post","type-post","status-publish","format-standard","hentry","category-blog","category-covid-19"],"_links":{"self":[{"href":"https:\/\/www.savigny.ca\/index.php?rest_route=\/wp\/v2\/posts\/2866"}],"collection":[{"href":"https:\/\/www.savigny.ca\/index.php?rest_route=\/wp\/v2\/posts"}],"about":[{"href":"https:\/\/www.savigny.ca\/index.php?rest_route=\/wp\/v2\/types\/post"}],"author":[{"embeddable":true,"href":"https:\/\/www.savigny.ca\/index.php?rest_route=\/wp\/v2\/users\/1"}],"replies":[{"embeddable":true,"href":"https:\/\/www.savigny.ca\/index.php?rest_route=%2Fwp%2Fv2%2Fcomments&post=2866"}],"version-history":[{"count":2,"href":"https:\/\/www.savigny.ca\/index.php?rest_route=\/wp\/v2\/posts\/2866\/revisions"}],"predecessor-version":[{"id":2868,"href":"https:\/\/www.savigny.ca\/index.php?rest_route=\/wp\/v2\/posts\/2866\/revisions\/2868"}],"wp:attachment":[{"href":"https:\/\/www.savigny.ca\/index.php?rest_route=%2Fwp%2Fv2%2Fmedia&parent=2866"}],"wp:term":[{"taxonomy":"category","embeddable":true,"href":"https:\/\/www.savigny.ca\/index.php?rest_route=%2Fwp%2Fv2%2Fcategories&post=2866"},{"taxonomy":"post_tag","embeddable":true,"href":"https:\/\/www.savigny.ca\/index.php?rest_route=%2Fwp%2Fv2%2Ftags&post=2866"}],"curies":[{"name":"wp","href":"https:\/\/api.w.org\/{rel}","templated":true}]}}